{"id":5789,"date":"2020-11-10T16:48:46","date_gmt":"2020-11-10T15:48:46","guid":{"rendered":"https:\/\/vrioeurope.com\/?p=5789"},"modified":"2023-05-05T12:47:09","modified_gmt":"2023-05-05T11:47:09","slug":"pierwsze-autonomiczne-ciezarowki-wyjechaly-juz-na-droge","status":"publish","type":"post","link":"https:\/\/vrioeurope.com\/pl\/pierwsze-autonomiczne-ciezarowki-wyjechaly-juz-na-droge\/","title":{"rendered":"Pierwsze autonomiczne ci\u0119\u017car\u00f3wki wyjecha\u0142y ju\u017c na drog\u0119"},"content":{"rendered":"<div id='av_section_1'  class='avia-section av-3o8lzs-e303e5306c712fffb035dc30845f4aca main_color avia-section-default avia-no-border-styling  avia-builder-el-0  el_before_av_section  avia-builder-el-first  avia-bg-style-scroll container_wrap sidebar_right'  ><div class='container av-section-cont-open' ><main  role=\"main\" itemprop=\"mainContentOfPage\"  class='template-page content  av-content-small alpha units'><div class='post-entry post-entry-type-page post-entry-5789'><div class='entry-content-wrapper clearfix'>\n\n<style type=\"text\/css\" data-created_by=\"avia_inline_auto\" id=\"style-css-av-67duzs-f5370c9ce0f3ccd0467062d43f85c8c8\">\n.flex_column.av-67duzs-f5370c9ce0f3ccd0467062d43f85c8c8{\nborder-radius:0px 0px 0px 0px;\npadding:0px 0px 0px 0px;\n}\n<\/style>\n<div  class='flex_column av-67duzs-f5370c9ce0f3ccd0467062d43f85c8c8 av_two_third  avia-builder-el-1  el_before_av_one_third  avia-builder-el-first  first flex_column_div av-zero-column-padding  '     ><p>\n<style type=\"text\/css\" data-created_by=\"avia_inline_auto\" id=\"style-css-av-3471p9-351249cad1c09a08ce280b4111cfb549\">\n#top .av-special-heading.av-3471p9-351249cad1c09a08ce280b4111cfb549{\npadding-bottom:10px;\n}\nbody .av-special-heading.av-3471p9-351249cad1c09a08ce280b4111cfb549 .av-special-heading-tag .heading-char{\nfont-size:25px;\n}\n.av-special-heading.av-3471p9-351249cad1c09a08ce280b4111cfb549 .av-subheading{\nfont-size:15px;\n}\n<\/style>\n<div  class='av-special-heading av-3471p9-351249cad1c09a08ce280b4111cfb549 av-special-heading-h1 blockquote modern-quote  avia-builder-el-2  el_before_av_codeblock  avia-builder-el-first '><h1 class='av-special-heading-tag '  itemprop=\"headline\"  >Pierwsze autonomiczne ci\u0119\u017car\u00f3wki wyjecha\u0142y ju\u017c na drog\u0119<\/h1><div class=\"special-heading-border\"><div class=\"special-heading-inner-border\"><\/div><\/div><\/div><br \/>\n<br \/>\n\n<style type=\"text\/css\" data-created_by=\"avia_inline_auto\" id=\"style-css-av-k3k5rdzo-71d27ffcad663f2a75586873ca2bb9cd\">\n#top .hr.hr-invisible.av-k3k5rdzo-71d27ffcad663f2a75586873ca2bb9cd{\nheight:50px;\n}\n<\/style>\n<div  class='hr av-k3k5rdzo-71d27ffcad663f2a75586873ca2bb9cd hr-invisible  avia-builder-el-4  el_after_av_codeblock  el_before_av_image '><span class='hr-inner '><span class=\"hr-inner-style\"><\/span><\/span><\/div><br \/>\n\n<style type=\"text\/css\" data-created_by=\"avia_inline_auto\" id=\"style-css-av-k3k4jwdy-9a1b4a30fea23b78a6baafbd30e461c7\">\n.avia-image-container.av-k3k4jwdy-9a1b4a30fea23b78a6baafbd30e461c7 img.avia_image{\nbox-shadow:none;\n}\n.avia-image-container.av-k3k4jwdy-9a1b4a30fea23b78a6baafbd30e461c7 .av-image-caption-overlay-center{\ncolor:#ffffff;\n}\n<\/style>\n<div  class='avia-image-container av-k3k4jwdy-9a1b4a30fea23b78a6baafbd30e461c7 av-styling- avia-align-center  avia-builder-el-5  el_after_av_hr  el_before_av_textblock '   itemprop=\"image\" itemscope=\"itemscope\" itemtype=\"https:\/\/schema.org\/ImageObject\" ><div class=\"avia-image-container-inner\"><div class=\"avia-image-overlay-wrap\"><img decoding=\"async\" fetchpriority=\"high\" class='wp-image-5790 avia-img-lazy-loading-not-5790 avia_image ' src=\"https:\/\/vrioeurope.com\/wp-content\/uploads\/2020\/11\/vehiculo-autonomo.png\" alt='' title='vehiculo-autonomo'  height=\"611\" width=\"1081\"  itemprop=\"thumbnailUrl\" srcset=\"https:\/\/vrioeurope.com\/wp-content\/uploads\/2020\/11\/vehiculo-autonomo.png 1081w, https:\/\/vrioeurope.com\/wp-content\/uploads\/2020\/11\/vehiculo-autonomo-300x170.png 300w, https:\/\/vrioeurope.com\/wp-content\/uploads\/2020\/11\/vehiculo-autonomo-1030x582.png 1030w, https:\/\/vrioeurope.com\/wp-content\/uploads\/2020\/11\/vehiculo-autonomo-768x434.png 768w, https:\/\/vrioeurope.com\/wp-content\/uploads\/2020\/11\/vehiculo-autonomo-705x398.png 705w, https:\/\/vrioeurope.com\/wp-content\/uploads\/2020\/11\/vehiculo-autonomo-600x339.png 600w\" sizes=\"(max-width: 1081px) 100vw, 1081px\" \/><\/div><\/div><\/div><br \/>\n<section  class='av_textblock_section av-k3k0amq1-7e07212fde6da3dc3ce702888c572a37 '   itemscope=\"itemscope\" itemtype=\"https:\/\/schema.org\/BlogPosting\" itemprop=\"blogPost\" ><div class='avia_textblock'  itemprop=\"text\" ><p>Jeszcze nie tak dawno wydawa\u0142o si\u0119, \u017ce ci\u0119\u017car\u00f3wki zdalnie sterowane to tak daleka przysz\u0142o\u015b\u0107. Tymczasem mo\u017cna powiedzie\u0107, \u017ce przysz\u0142o\u015b\u0107 ju\u017c nadesz\u0142a. <strong>Jakie zmiany nas czekaj\u0105? Na ile zmieni si\u0119 praca w transporcie drogowym w wyniku automatyzacji? <\/strong><\/p>\n<p>Program wdro\u017cenia ci\u0119\u017car\u00f3wek autonomicznych pocz\u0105tkowo skupia\u0142 si\u0119 na testowaniu rozwi\u0105za\u0144 na terenach wy\u0142\u0105czonych z ruchu drogowego. Aktualnie pierwsze ci\u0119\u017car\u00f3wki autonomiczne poruszaj\u0105 si\u0119 ju\u017c po ameryka\u0144skich drogach. Inicjatyw\u0119 podj\u0119\u0142a tak\u017ce Szwecja i Francja inauguruj\u0105c pierwsze pojazdy autonomiczne w swoich krajach. Dla bezpiecze\u0144stwa w kabinie znajduje si\u0119 kierowca. Jednak\u017ce docelowo d\u0105\u017cy si\u0119 do skonstruowania takich pojazd\u00f3w, w kt\u00f3rych nie b\u0119dzie potrzebna obecno\u015b\u0107 cz\u0142owieka. Plany wdro\u017cenia ci\u0119\u017car\u00f3wek autonomicznych szacowane s\u0105 w przeci\u0105gu najbli\u017cszych 10 lat, do 2030 roku.<\/p>\n<p>Ci\u0119\u017car\u00f3wki, kt\u00f3re maj\u0105 pojawi\u0107 si\u0119 na przestrzeni najbli\u017cszych dziesi\u0119ciu lat maj\u0105 porusza\u0107 si\u0119 w autonomicznym poziomie 4, czyli takim, w kt\u00f3rym kierowca jest potrzebny i mo\u017ce zosta\u0107 poproszony o przej\u0119cie kierowania pojazdem. Przez wi\u0119kszo\u015b\u0107 czasu ci\u0119\u017car\u00f3wka mo\u017ce porusza\u0107 si\u0119 autonomicznie i b\u0119dzie sobie radzi\u0142a nawet ze skomplikowanymi sytuacjami na drogach. Kierowca podczas podr\u00f3\u017cy mo\u017ce zaj\u0105\u0107 si\u0119 innymi rzeczami i zak\u0142ada si\u0119, \u017ce nie musi stale obserwowa\u0107 otaczaj\u0105cego go ruchu na drodze.<\/p>\n<p>M\u00f3wi si\u0119 tak\u017ce o planach wdro\u017cenia technologii na stopniu zaawansowania 5, kt\u00f3ry to mia\u0142by by\u0107 w pe\u0142ni autonomiczny i kierowca nie b\u0119dzie musia\u0142 wykonywa\u0107 \u017cadnych zada\u0144 zwi\u0105zanych z prowadzeniem pojazdu. B\u0119dzie m\u00f3g\u0142 przej\u0105\u0107 kontrol\u0119 nad pojazdem zdalnie. Ci\u0119\u017car\u00f3wka taka nie mia\u0142aby nawet kabiny, dzi\u0119ki czemu op\u00f3r powietrza by\u0142by znacznie mniejszy, a wskutek tego koszty zu\u017cycia paliwa znacz\u0105co spad\u0142y. Temat ten jest co prawda jeszcze nie dopracowany i pojawia si\u0119 wiele niejasno\u015bci. Jest to kolejny krok w rozwoju technologii, kt\u00f3ry dopiero jest dopracowywany i stwarzane s\u0105 pierwsze prototypy takich ci\u0119\u017car\u00f3wek.<\/p>\n<p>Tymczasem producenci nowych technologii twierdz\u0105, \u017ce zajmuj\u0105 si\u0119 problemem niedoboru i du\u017cej rotacji w\u015br\u00f3d kierowc\u00f3w d\u0142ugodystansowych. Nowoczesna technologia mia\u0142aby by\u0107 rozwi\u0105zaniem na zagro\u017cenia jakie niesie za sob\u0105 d\u0142ugodystansowe prowadzenie ci\u0119\u017car\u00f3wek, brak odpoczynku, bezlitosn\u0105 pogod\u0119 os\u0142abiaj\u0105c\u0105 kierowc\u00f3w czy te\u017c jazd\u0119 pod wp\u0142ywem alkoholu, czy \u015brodk\u00f3w odurzaj\u0105cych.<\/p>\n<h3>Korzy\u015bci z autonomicznego systemu w transporcie<\/h3>\n<p>Zwolennicy technologii zautomatyzowanej jazdy wymieniaj\u0105 wiele korzy\u015bci, w tym wi\u0119ksze bezpiecze\u0144stwo, skok produktywno\u015bci, oszcz\u0119dno\u015bci koszt\u00f3w i zwi\u0119kszon\u0105 wydajno\u015b\u0107.<\/p>\n<p>Ka\u017cdego roku w wypadkach ci\u0119\u017car\u00f3wek gin\u0105 tysi\u0105ce os\u00f3b. Nowoczesna technologia pok\u0142adowa zrobi wi\u0119cej, aby zapobiega\u0107 wypadkom i wspiera\u0107 kierowc\u0119 w przysz\u0142o\u015bci. Zautomatyzowane hamowanie, przyspieszanie i kierowanie to przyk\u0142adowe funkcje, kt\u00f3re zapewni\u0105 zwi\u0119kszenie bezpiecze\u0144stwa i sprawi\u0105, \u017ce praca kierowcy ci\u0119\u017car\u00f3wki b\u0119dzie bardziej komfortowa i mniej stresuj\u0105ca.<\/p>\n<p>Rozproszona jazda jest g\u0142\u00f3wn\u0105 przyczyn\u0105 wypadk\u00f3w, a wyczerpanie jest przyczyn\u0105 wielu wypadk\u00f3w \u015bmiertelnych z udzia\u0142em ci\u0119\u017car\u00f3wek. Gdyby sztuczna inteligencja obs\u0142ugiwa\u0142a autonomiczne ci\u0119\u017car\u00f3wki, liczba wykrocze\u0144 drogowych spowodowanych b\u0142\u0119dem ludzkim znacznie spad\u0142aby. Komputery umo\u017cliwiaj\u0105 bezpieczn\u0105 eksploatacj\u0119 pojazd\u00f3w bez uzale\u017cnienia od stanu zdrowia lub os\u0105du kierowcy. Co wi\u0119cej, kontroluj\u0105 pr\u0119dko\u015b\u0107 ci\u0119\u017car\u00f3wki, za ka\u017cdym razem odpowiednio obs\u0142uguj\u0105 pojazd i nigdy si\u0119 nie rozpraszaj\u0105.<\/p>\n<p>W praktyce samojezdne ci\u0119\u017car\u00f3wki zmniejszy\u0142yby r\u00f3wnie\u017c liczb\u0119 wypadk\u00f3w spowodowanych zm\u0119czeniem. Kierowcy nie musieliby si\u0119 m\u0119czy\u0107 godzinami; mogli robi\u0107 przerwy, gdy ich odpowiednie ci\u0119\u017car\u00f3wki by\u0142y nadal w ruchu, co pozwoli\u0142oby unikn\u0105\u0107 op\u00f3\u017anie\u0144 w dostawach.<\/p>\n<p>Gdyby ci\u0119\u017car\u00f3wki nie musia\u0142y si\u0119 zatrzymywa\u0107, wydajno\u015b\u0107 gwa\u0142townie wzros\u0142aby. Czynniki ludzkie, kt\u00f3re wyd\u0142u\u017caj\u0105 podr\u00f3\u017ce (takie jak postoje na odpoczynek i prawnie wymagane przerwy), nie wp\u0142yn\u0105 na terminy dostaw. Firmy transportowe mog\u0142yby zaplanowa\u0107 wykorzystanie swoich pojazd\u00f3w 24 godziny na dob\u0119, 7 dni w tygodniu, co przyspieszy\u0142oby transport \u0142adunk\u00f3w. W bran\u017cy, w kt\u00f3rej tranzyt jest powolny, a czasem nieprzewidywalny, obietnica szybszej wysy\u0142ki jest kusz\u0105c\u0105 perspektyw\u0105.<\/p>\n<p>Wdro\u017cenie samojezdnych ci\u0119\u017car\u00f3wek obni\u017cy\u0142oby r\u00f3wnie\u017c koszty pracy, ubezpieczenia i zu\u017cycia paliwa. Wed\u0142ug przeprowadzonych analiz si\u0142a robocza stanowi 30-75% koszt\u00f3w transportu. Je\u015bli trasa wymaga dw\u00f3ch kierowc\u00f3w, autonomiczna technologia, kt\u00f3ra eliminuje potrzeb\u0119 jednego lub obu z nich, zmniejszy\u0142aby o po\u0142ow\u0119 lub ca\u0142kowicie wyeliminowa\u0142aby koszty pracy zwi\u0105zane z t\u0105 tras\u0105, skutkuj\u0105c ogromnymi oszcz\u0119dno\u015bciami.<\/p>\n<p>W praktyce samojezdne ci\u0119\u017car\u00f3wki r\u00f3wnie\u017c poprawi\u0142yby efektywno\u015b\u0107. Autonomiczne pojazdy, kt\u00f3re poruszaj\u0105 si\u0119 obok siebie lub w linii, zmniejszaj\u0105 op\u00f3r powietrza (op\u00f3r wiatru) o oko\u0142o 25%, co \u201epowoduje zmniejszenie zu\u017cycia paliwa o 5-15%\u201d. Ta nowo odkryta wydajno\u015b\u0107 obni\u017ca koszty paliwa o co najmniej 15% i redukuje emisje. Ponadto ci\u0119\u017car\u00f3wki je\u017cd\u017c\u0105ce poza godzinami szczytu poruszaj\u0105 si\u0119 szybciej i dalej ni\u017c w godzinach szczytu.<\/p>\n<p>Najwyra\u017aniej najwi\u0119ksze korzy\u015bci wynikaj\u0105ce ze stosowania zautomatyzowanych du\u017cych platform wynika z ograniczenia lub wyeliminowania pracy cz\u0142owieka w ci\u0119\u017car\u00f3wce. Ale to niekoniecznie \u017ale wr\u00f3\u017cy kierowcom ci\u0119\u017car\u00f3wek. Bran\u017ca przewoz\u00f3w towarowych b\u0119dzie faktycznie potrzebowa\u0107 wi\u0119cej zawodowych kierowc\u00f3w ni\u017c obecnie &#8211; a nie mniej &#8211; w miar\u0119 wzrostu popytu. Istnieje wiele dowod\u00f3w na to, \u017ce popyt na kierowc\u00f3w ci\u0119\u017car\u00f3wek pozostanie niezmieniony przez nast\u0119pne 30 lat, chocia\u017c rola ta mo\u017ce si\u0119 zmieni\u0107 wraz z rozwojem technologii autonomicznej.<\/p>\n<p>Niekt\u00f3rzy liderzy w bran\u017cy przewiduj\u0105, \u017ce wdro\u017cenie samojezdnych p\u00f3\u0142ci\u0119\u017car\u00f3wek z\u0142agodzi niedob\u00f3r kierowc\u00f3w. Jednak jest bardziej prawdopodobne, \u017ce te ci\u0119\u017car\u00f3wki uzupe\u0142ni\u0105 prac\u0119 kierowc\u00f3w, zamiast ca\u0142kowicie j\u0105 zast\u0105pi\u0107, przynajmniej na pocz\u0105tku. Nadal dobrze jest mie\u0107 kontrol\u0119 przez cz\u0142owieka, gdy pojazd porusza si\u0119 po trudnych trasach lub przy z\u0142ej pogodzie.<\/p>\n<h3>Obawy, ryzyko, opinie kierowc\u00f3w i pracodawc\u00f3w<\/h3>\n<p>Jedn\u0105 z najwi\u0119kszych obaw kierowc\u00f3w i pracodawc\u00f3w zwi\u0105zanych z samojezdnymi ci\u0119\u017car\u00f3wkami jest to, \u017ce bran\u017ca ostatecznie wyprze prawie 2 miliony ludzi pracuj\u0105cych jako kierowcy ci\u0119\u017car\u00f3wek i ci\u0105gnik\u00f3w siod\u0142owych. Na razie nie jest oczywiste, ile z nich zostanie dotkni\u0119tych w najbli\u017cszej przysz\u0142o\u015bci. Naukowcy szacuj\u0105, \u017ce jest prawie p\u00f3\u0142 miliona kierowc\u00f3w d\u0142ugodystansowych, kt\u00f3rych pozycje s\u0105 najbardziej nara\u017cone na dzia\u0142anie technologii autonomicznej, i wskazuj\u0105, \u017ce ludzie nadal b\u0119d\u0105 potrzebni do innych zada\u0144 zwi\u0105zanych z transportem ci\u0119\u017carowym, takich jak obs\u0142uga klienta i \u0142adowanie czy przejazdy na trasach kr\u00f3tkodystansowych.<\/p>\n<p>Samojezdne ci\u0119\u017car\u00f3wki, kt\u00f3re ju\u017c s\u0105 w ruchu, nadal potrzebuj\u0105 dodatkowych kierowc\u00f3w. Cz\u0142owiek jest i b\u0119dzie niezast\u0105piony na podrz\u0119dnych drogach krajowych i w mie\u015bcie. Zdaniem kierowc\u00f3w nowoczesne technologie sprawdz\u0105 si\u0119 jedynie w tranzycie przy trasach d\u0142ugodystansowych. Zanim na drogach pojawi\u0105 si\u0119 w pe\u0142ni autonomiczne pojazdy, kt\u00f3re od punktu A do punktu B przejad\u0105 same, b\u0119dziemy mieli do czynienia z autonomiczn\u0105 jazd\u0105 wy\u0142\u0105cznie w okre\u015blonych warunkach. Najpewniej, patrz\u0105c na\u00a0obecny rozw\u00f3j system\u00f3w wspieraj\u0105cych i wyr\u0119czaj\u0105cych kierowc\u0119, komputer b\u0119dzie m\u00f3g\u0142 prowadzi\u0107 na drogach ekspresowych i autostradach. Po prostu, na takich drogach musi on przetworzy\u0107 znacznie mniej danych ni\u017c w mie\u015bcie.<\/p>\n<p>Problemem poruszanym przez firmy transportowe jest tak\u017ce koszt zakupu takich pojazd\u00f3w. Nowoczesne ci\u0119\u017car\u00f3wki b\u0119d\u0105 bardzo kosztowne i tylko nieliczne firmy b\u0119dzie sta\u0107 na ich zakup. Co za tym idzie rentowno\u015b\u0107 nowej technologii mo\u017ce okaza\u0107 si\u0119 znikoma. Pojawiaj\u0105 si\u0119 pytania, czy oszcz\u0119dno\u015bci na kapitale ludzkim i korzy\u015bci zwi\u0105zane z mo\u017cliwo\u015bci\u0105 u\u017cywania \u015brodka transportowego 24 h\/dob\u0119 b\u0119d\u0105 wystarczaj\u0105co du\u017ce.<\/p>\n<p>Chocia\u017c technologia robi post\u0119py, min\u0105 lata, zanim wi\u0119kszo\u015b\u0107 przewoz\u00f3w d\u0142ugodystansowych b\u0119dzie obs\u0142ugiwana przez autonomiczne ci\u0119\u017car\u00f3wki. In\u017cynierowie wci\u0105\u017c badaj\u0105, jak samodzielnie je\u017cd\u017c\u0105ce ci\u0119\u017car\u00f3wki faktycznie dzia\u0142aj\u0105 na drogach. Istnieje jednak nadzieja, \u017ce \u200b\u200bdzi\u0119ki tej technologii transport b\u0119dzie ta\u0144szy, bezpieczniejszy, szybszy i bardziej oszcz\u0119dny.<\/p>\n<\/div><\/section><br \/>\n<\/p><\/div>\n<style type=\"text\/css\" data-created_by=\"avia_inline_auto\" id=\"style-css-av-2b3x5k-eee886a9e749dba096d085aaa8bba0d6\">\n.flex_column.av-2b3x5k-eee886a9e749dba096d085aaa8bba0d6{\nborder-radius:0px 0px 0px 0px;\npadding:0px 0px 0px 0px;\n}\n<\/style>\n<div  class='flex_column av-2b3x5k-eee886a9e749dba096d085aaa8bba0d6 av_one_third  avia-builder-el-8  el_after_av_two_third  avia-builder-el-last  flex_column_div av-zero-column-padding  '     ><div  class='avia-builder-widget-area clearfix  avia-builder-el-9  avia-builder-el-no-sibling '><section id=\"block-2\" class=\"widget clearfix widget_block widget_search\"><form role=\"search\" method=\"get\" action=\"https:\/\/vrioeurope.com\/pl\/\" class=\"wp-block-search__no-button aligncenter wp-block-search\"    ><label class=\"wp-block-search__label\" for=\"wp-block-search__input-1\" >Buscar en el blog<\/label><div class=\"wp-block-search__inside-wrapper\"  style=\"width: 666px\"><input class=\"wp-block-search__input\" id=\"wp-block-search__input-1\" placeholder=\"\" value=\"\" type=\"search\" name=\"s\" required \/><\/div><\/form><span class=\"seperator extralight-border\"><\/span><\/section>\n\t\t<section id=\"recent-posts-5\" class=\"widget clearfix widget_recent_entries\">\n\t\t<h3 class=\"widgettitle\">Ostatnie aktualno\u015bci<\/h3>\n\t\t<ul>\n\t\t\t\t\t\t\t\t\t\t\t<li>\n\t\t\t\t\t<a href=\"https:\/\/vrioeurope.com\/pl\/niemcy-oplaty-2023\/\">Niemcy podnosz\u0105 op\u0142aty drogowe nawet o 83%<\/a>\n\t\t\t\t\t\t\t\t\t<\/li>\n\t\t\t\t\t\t\t\t\t\t\t<li>\n\t\t\t\t\t<a href=\"https:\/\/vrioeurope.com\/pl\/hgv-levy\/\">Powr\u00f3t op\u0142aty HGV Levy w Wielkiej Brytanii<\/a>\n\t\t\t\t\t\t\t\t\t<\/li>\n\t\t\t\t\t\t\t\t\t\t\t<li>\n\t\t\t\t\t<a href=\"https:\/\/vrioeurope.com\/pl\/vrio-uznane-za-jedna-z-najlepszych-firm-pracy\/\">Vrio uznane za jedn\u0105 z najlepszych firm pracy<\/a>\n\t\t\t\t\t\t\t\t\t<\/li>\n\t\t\t\t\t\t\t\t\t\t\t<li>\n\t\t\t\t\t<a href=\"https:\/\/vrioeurope.com\/pl\/uslugi-wymagane-do-podrozy-autokarem-po-europie\/\">Us\u0142ugi wymagane do podr\u00f3\u017cy autokarem po Europie<\/a>\n\t\t\t\t\t\t\t\t\t<\/li>\n\t\t\t\t\t\t\t\t\t\t\t<li>\n\t\t\t\t\t<a href=\"https:\/\/vrioeurope.com\/pl\/zarezerwuj-parking-dla-pojazdow-ciezkich\/\">Zagwarantuj bezpiecze\u0144stwo, zarezerwuj parking dla pojazd\u00f3w ci\u0119\u017ckich<\/a>\n\t\t\t\t\t\t\t\t\t<\/li>\n\t\t\t\t\t<\/ul>\n\n\t\t<span class=\"seperator extralight-border\"><\/span><\/section><section id=\"categories-5\" class=\"widget clearfix widget_categories\"><h3 class=\"widgettitle\">Kategorie<\/h3>\n\t\t\t<ul>\n\t\t\t\t\t<li class=\"cat-item cat-item-48\"><a href=\"https:\/\/vrioeurope.com\/pl\/category\/general-pl\/\">general<\/a> (19)\n<\/li>\n\t<li class=\"cat-item cat-item-49\"><a href=\"https:\/\/vrioeurope.com\/pl\/category\/ogolne\/\">Og\u00f3lne<\/a> (51)\n<\/li>\n\t\t\t<\/ul>\n\n\t\t\t<span class=\"seperator extralight-border\"><\/span><\/section><\/div><\/div>\n\n<\/div><\/div><\/main><!-- close content main element --><\/div><\/div>\n<style type=\"text\/css\" data-created_by=\"avia_inline_auto\" id=\"style-css-av-av_section-63f517580bf0200cc745228c31c13642\">\n.avia-section.av-av_section-63f517580bf0200cc745228c31c13642{\nbackground-color:#000000;\nbackground-image:unset;\n}\n<\/style>\n<div id='av_section_2'  class='avia-section av-av_section-63f517580bf0200cc745228c31c13642 main_color avia-section-default avia-no-border-styling  avia-builder-el-10  el_after_av_section  avia-builder-el-last  avia-bg-style-scroll container_wrap sidebar_right'  ><div class='container av-section-cont-open' ><div class='template-page content  av-content-small alpha units'><div class='post-entry post-entry-type-page post-entry-5789'><div class='entry-content-wrapper clearfix'>\n\n<style type=\"text\/css\" data-created_by=\"avia_inline_auto\" id=\"style-css-av-av_four_fifth-fe6bf0944dabf1e1556459291ee0b3bb\">\n.flex_column.av-av_four_fifth-fe6bf0944dabf1e1556459291ee0b3bb{\nborder-radius:0px 0px 0px 0px;\npadding:0px 0px 0px 0px;\n}\n<\/style>\n<div  class='flex_column av-av_four_fifth-fe6bf0944dabf1e1556459291ee0b3bb av_four_fifth  avia-builder-el-11  el_before_av_one_fifth  avia-builder-el-first  top-0 first flex_column_div av-zero-column-padding  '     ><style type=\"text\/css\" data-created_by=\"avia_inline_auto\" id=\"style-css-av-av_heading-a1ccc8ae3709f03371e6d090603711e1\">\n#top .av-special-heading.av-av_heading-a1ccc8ae3709f03371e6d090603711e1{\npadding-bottom:10px;\ncolor:#ffffff;\n}\nbody .av-special-heading.av-av_heading-a1ccc8ae3709f03371e6d090603711e1 .av-special-heading-tag .heading-char{\nfont-size:25px;\n}\n.av-special-heading.av-av_heading-a1ccc8ae3709f03371e6d090603711e1 .special-heading-inner-border{\nborder-color:#ffffff;\n}\n.av-special-heading.av-av_heading-a1ccc8ae3709f03371e6d090603711e1 .av-subheading{\nfont-size:15px;\n}\n<\/style>\n<div  class='av-special-heading av-av_heading-a1ccc8ae3709f03371e6d090603711e1 av-special-heading-h3 custom-color-heading blockquote modern-quote  avia-builder-el-12  avia-builder-el-no-sibling '><h3 class='av-special-heading-tag '  itemprop=\"headline\"  >Opening &amp;<br \/>\nConnecting<\/h3><div class=\"special-heading-border\"><div class=\"special-heading-inner-border\"><\/div><\/div><\/div><\/div>\n<style type=\"text\/css\" data-created_by=\"avia_inline_auto\" id=\"style-css-av-av_one_fifth-ea667b969acc93f39b5d7f0a1ec6f5a6\">\n.flex_column.av-av_one_fifth-ea667b969acc93f39b5d7f0a1ec6f5a6{\nborder-radius:0px 0px 0px 0px;\npadding:0px 0px 0px 0px;\n}\n<\/style>\n<div  class='flex_column av-av_one_fifth-ea667b969acc93f39b5d7f0a1ec6f5a6 av_one_fifth  avia-builder-el-13  el_after_av_four_fifth  avia-builder-el-last  top-0 flex_column_div av-zero-column-padding  '     ><style type=\"text\/css\" data-created_by=\"avia_inline_auto\" id=\"style-css-av-av_image-e9d7c5722a0d3e0b153aca9ff45413ab\">\n.avia-image-container.av-av_image-e9d7c5722a0d3e0b153aca9ff45413ab img.avia_image{\nbox-shadow:none;\n}\n.avia-image-container.av-av_image-e9d7c5722a0d3e0b153aca9ff45413ab .av-image-caption-overlay-center{\ncolor:#ffffff;\n}\n<\/style>\n<div  class='avia-image-container av-av_image-e9d7c5722a0d3e0b153aca9ff45413ab av-styling- avia-align-center  avia-builder-el-14  avia-builder-el-no-sibling '   itemprop=\"image\" itemscope=\"itemscope\" itemtype=\"https:\/\/schema.org\/ImageObject\" ><div class=\"avia-image-container-inner\"><div class=\"avia-image-overlay-wrap\"><img decoding=\"async\" fetchpriority=\"high\" class='wp-image-24772 avia-img-lazy-loading-not-24772 avia_image ' src=\"https:\/\/vrioeurope.com\/wp-content\/uploads\/2023\/05\/lg-certificado.png\" alt='' title='lg-certificado'  height=\"131\" width=\"200\"  itemprop=\"thumbnailUrl\"  \/><\/div><\/div><\/div><\/div>\n<\/div><\/div><\/div><!-- close content main div --><\/div><\/div><div id='after_section_2'  class='main_color av_default_container_wrap container_wrap sidebar_right'  ><div class='container av-section-cont-open' ><div class='template-page content  av-content-small alpha units'><div class='post-entry post-entry-type-page post-entry-5789'><div class='entry-content-wrapper clearfix'>\n","protected":false},"excerpt":{"rendered":"<p>Jeszcze nie tak dawno wydawa\u0142o si\u0119, \u017ce ci\u0119\u017car\u00f3wki zdalnie sterowane to tak daleka przysz\u0142o\u015b\u0107. Tymczasem mo\u017cna powiedzie\u0107, \u017ce przysz\u0142o\u015b\u0107 ju\u017c nadesz\u0142a. Jakie zmiany nas czekaj\u0105? Na ile zmieni si\u0119 praca w transporcie drogowym w wyniku automatyzacji?<\/p>\n","protected":false},"author":6,"featured_media":5790,"comment_status":"open","ping_status":"closed","sticky":false,"template":"","format":"standard","meta":{"footnotes":""},"categories":[49],"tags":[],"class_list":["post-5789","post","type-post","status-publish","format-standard","has-post-thumbnail","hentry","category-ogolne"],"yoast_head":"<!-- This site is optimized with the Yoast SEO plugin v27.4 - https:\/\/yoast.com\/product\/yoast-seo-wordpress\/ -->\n<title>Pierwsze autonomiczne ci\u0119\u017car\u00f3wki wyjecha\u0142y ju\u017c na drog\u0119 - Vrio<\/title>\n<meta name=\"description\" content=\"Jeszcze nie tak dawno wydawa\u0142o si\u0119, \u017ce ci\u0119\u017car\u00f3wki zdalnie sterowane to tak daleka przysz\u0142o\u015b\u0107. Tymczasem mo\u017cna powiedzie\u0107, \u017ce przysz\u0142o\u015b\u0107 ju\u017c nadesz\u0142a. Jakie zmiany nas czekaj\u0105? Na ile zmieni si\u0119 praca w transporcie drogowym w wyniku automatyzacji?\" \/>\n<meta name=\"robots\" content=\"index, follow, max-snippet:-1, max-image-preview:large, max-video-preview:-1\" \/>\n<link rel=\"canonical\" href=\"https:\/\/vrioeurope.com\/pl\/pierwsze-autonomiczne-ciezarowki-wyjechaly-juz-na-droge\/\" \/>\n<meta property=\"og:locale\" content=\"pl_PL\" \/>\n<meta property=\"og:type\" content=\"article\" \/>\n<meta property=\"og:title\" content=\"Pierwsze autonomiczne ci\u0119\u017car\u00f3wki wyjecha\u0142y ju\u017c na drog\u0119 - Vrio\" \/>\n<meta property=\"og:description\" content=\"Jeszcze nie tak dawno wydawa\u0142o si\u0119, \u017ce ci\u0119\u017car\u00f3wki zdalnie sterowane to tak daleka przysz\u0142o\u015b\u0107. Tymczasem mo\u017cna powiedzie\u0107, \u017ce przysz\u0142o\u015b\u0107 ju\u017c nadesz\u0142a. Jakie zmiany nas czekaj\u0105? Na ile zmieni si\u0119 praca w transporcie drogowym w wyniku automatyzacji?\" \/>\n<meta property=\"og:url\" content=\"https:\/\/vrioeurope.com\/pl\/pierwsze-autonomiczne-ciezarowki-wyjechaly-juz-na-droge\/\" \/>\n<meta property=\"og:site_name\" content=\"Vrio\" \/>\n<meta property=\"article:published_time\" content=\"2020-11-10T15:48:46+00:00\" \/>\n<meta property=\"article:modified_time\" content=\"2023-05-05T11:47:09+00:00\" \/>\n<meta property=\"og:image\" content=\"https:\/\/vrioeurope.com\/wp-content\/uploads\/2020\/11\/vehiculo-autonomo.png\" \/>\n\t<meta property=\"og:image:width\" content=\"1081\" \/>\n\t<meta property=\"og:image:height\" content=\"611\" \/>\n\t<meta property=\"og:image:type\" content=\"image\/png\" \/>\n<meta name=\"author\" content=\"Sonia Ratia\" \/>\n<meta name=\"twitter:card\" content=\"summary_large_image\" \/>\n<meta name=\"twitter:label1\" content=\"Napisane przez\" \/>\n\t<meta name=\"twitter:data1\" content=\"Sonia Ratia\" \/>\n\t<meta name=\"twitter:label2\" content=\"Szacowany czas czytania\" \/>\n\t<meta name=\"twitter:data2\" content=\"7 minut\" \/>\n<script type=\"application\/ld+json\" class=\"yoast-schema-graph\">{\"@context\":\"https:\\\/\\\/schema.org\",\"@graph\":[{\"@type\":\"Article\",\"@id\":\"https:\\\/\\\/vrioeurope.com\\\/pl\\\/pierwsze-autonomiczne-ciezarowki-wyjechaly-juz-na-droge\\\/#article\",\"isPartOf\":{\"@id\":\"https:\\\/\\\/vrioeurope.com\\\/pl\\\/pierwsze-autonomiczne-ciezarowki-wyjechaly-juz-na-droge\\\/\"},\"author\":{\"name\":\"Sonia Ratia\",\"@id\":\"https:\\\/\\\/vrioeurope.com\\\/pl\\\/#\\\/schema\\\/person\\\/af0fc8c66d6bbd121446280af5896b8e\"},\"headline\":\"Pierwsze autonomiczne ci\u0119\u017car\u00f3wki wyjecha\u0142y ju\u017c na drog\u0119\",\"datePublished\":\"2020-11-10T15:48:46+00:00\",\"dateModified\":\"2023-05-05T11:47:09+00:00\",\"mainEntityOfPage\":{\"@id\":\"https:\\\/\\\/vrioeurope.com\\\/pl\\\/pierwsze-autonomiczne-ciezarowki-wyjechaly-juz-na-droge\\\/\"},\"wordCount\":2458,\"commentCount\":0,\"image\":{\"@id\":\"https:\\\/\\\/vrioeurope.com\\\/pl\\\/pierwsze-autonomiczne-ciezarowki-wyjechaly-juz-na-droge\\\/#primaryimage\"},\"thumbnailUrl\":\"https:\\\/\\\/vrioeurope.com\\\/wp-content\\\/uploads\\\/2020\\\/11\\\/vehiculo-autonomo.png\",\"articleSection\":[\"Og\u00f3lne\"],\"inLanguage\":\"pl-PL\",\"potentialAction\":[{\"@type\":\"CommentAction\",\"name\":\"Comment\",\"target\":[\"https:\\\/\\\/vrioeurope.com\\\/pl\\\/pierwsze-autonomiczne-ciezarowki-wyjechaly-juz-na-droge\\\/#respond\"]}]},{\"@type\":\"WebPage\",\"@id\":\"https:\\\/\\\/vrioeurope.com\\\/pl\\\/pierwsze-autonomiczne-ciezarowki-wyjechaly-juz-na-droge\\\/\",\"url\":\"https:\\\/\\\/vrioeurope.com\\\/pl\\\/pierwsze-autonomiczne-ciezarowki-wyjechaly-juz-na-droge\\\/\",\"name\":\"Pierwsze autonomiczne ci\u0119\u017car\u00f3wki wyjecha\u0142y ju\u017c na drog\u0119 - Vrio\",\"isPartOf\":{\"@id\":\"https:\\\/\\\/vrioeurope.com\\\/pl\\\/#website\"},\"primaryImageOfPage\":{\"@id\":\"https:\\\/\\\/vrioeurope.com\\\/pl\\\/pierwsze-autonomiczne-ciezarowki-wyjechaly-juz-na-droge\\\/#primaryimage\"},\"image\":{\"@id\":\"https:\\\/\\\/vrioeurope.com\\\/pl\\\/pierwsze-autonomiczne-ciezarowki-wyjechaly-juz-na-droge\\\/#primaryimage\"},\"thumbnailUrl\":\"https:\\\/\\\/vrioeurope.com\\\/wp-content\\\/uploads\\\/2020\\\/11\\\/vehiculo-autonomo.png\",\"datePublished\":\"2020-11-10T15:48:46+00:00\",\"dateModified\":\"2023-05-05T11:47:09+00:00\",\"author\":{\"@id\":\"https:\\\/\\\/vrioeurope.com\\\/pl\\\/#\\\/schema\\\/person\\\/af0fc8c66d6bbd121446280af5896b8e\"},\"description\":\"Jeszcze nie tak dawno wydawa\u0142o si\u0119, \u017ce ci\u0119\u017car\u00f3wki zdalnie sterowane to tak daleka przysz\u0142o\u015b\u0107. Tymczasem mo\u017cna powiedzie\u0107, \u017ce przysz\u0142o\u015b\u0107 ju\u017c nadesz\u0142a. Jakie zmiany nas czekaj\u0105? Na ile zmieni si\u0119 praca w transporcie drogowym w wyniku automatyzacji?\",\"breadcrumb\":{\"@id\":\"https:\\\/\\\/vrioeurope.com\\\/pl\\\/pierwsze-autonomiczne-ciezarowki-wyjechaly-juz-na-droge\\\/#breadcrumb\"},\"inLanguage\":\"pl-PL\",\"potentialAction\":[{\"@type\":\"ReadAction\",\"target\":[\"https:\\\/\\\/vrioeurope.com\\\/pl\\\/pierwsze-autonomiczne-ciezarowki-wyjechaly-juz-na-droge\\\/\"]}]},{\"@type\":\"ImageObject\",\"inLanguage\":\"pl-PL\",\"@id\":\"https:\\\/\\\/vrioeurope.com\\\/pl\\\/pierwsze-autonomiczne-ciezarowki-wyjechaly-juz-na-droge\\\/#primaryimage\",\"url\":\"https:\\\/\\\/vrioeurope.com\\\/wp-content\\\/uploads\\\/2020\\\/11\\\/vehiculo-autonomo.png\",\"contentUrl\":\"https:\\\/\\\/vrioeurope.com\\\/wp-content\\\/uploads\\\/2020\\\/11\\\/vehiculo-autonomo.png\",\"width\":1081,\"height\":611},{\"@type\":\"BreadcrumbList\",\"@id\":\"https:\\\/\\\/vrioeurope.com\\\/pl\\\/pierwsze-autonomiczne-ciezarowki-wyjechaly-juz-na-droge\\\/#breadcrumb\",\"itemListElement\":[{\"@type\":\"ListItem\",\"position\":1,\"name\":\"Portada\",\"item\":\"https:\\\/\\\/vrioeurope.com\\\/pl\\\/\"},{\"@type\":\"ListItem\",\"position\":2,\"name\":\"Pierwsze autonomiczne ci\u0119\u017car\u00f3wki wyjecha\u0142y ju\u017c na drog\u0119\"}]},{\"@type\":\"WebSite\",\"@id\":\"https:\\\/\\\/vrioeurope.com\\\/pl\\\/#website\",\"url\":\"https:\\\/\\\/vrioeurope.com\\\/pl\\\/\",\"name\":\"Vrio\",\"description\":\"Tu partner de movilidad\",\"potentialAction\":[{\"@type\":\"SearchAction\",\"target\":{\"@type\":\"EntryPoint\",\"urlTemplate\":\"https:\\\/\\\/vrioeurope.com\\\/pl\\\/?s={search_term_string}\"},\"query-input\":{\"@type\":\"PropertyValueSpecification\",\"valueRequired\":true,\"valueName\":\"search_term_string\"}}],\"inLanguage\":\"pl-PL\"},{\"@type\":\"Person\",\"@id\":\"https:\\\/\\\/vrioeurope.com\\\/pl\\\/#\\\/schema\\\/person\\\/af0fc8c66d6bbd121446280af5896b8e\",\"name\":\"Sonia Ratia\",\"image\":{\"@type\":\"ImageObject\",\"inLanguage\":\"pl-PL\",\"@id\":\"https:\\\/\\\/secure.gravatar.com\\\/avatar\\\/3b232ac3076dd27a764e70449b4e768716b6bd9ab271145823e59b3fae75c141?s=96&d=mm&r=g\",\"url\":\"https:\\\/\\\/secure.gravatar.com\\\/avatar\\\/3b232ac3076dd27a764e70449b4e768716b6bd9ab271145823e59b3fae75c141?s=96&d=mm&r=g\",\"contentUrl\":\"https:\\\/\\\/secure.gravatar.com\\\/avatar\\\/3b232ac3076dd27a764e70449b4e768716b6bd9ab271145823e59b3fae75c141?s=96&d=mm&r=g\",\"caption\":\"Sonia Ratia\"},\"url\":\"https:\\\/\\\/vrioeurope.com\\\/pl\\\/author\\\/sonia-ratia\\\/\"}]}<\/script>\n<!-- \/ Yoast SEO plugin. -->","yoast_head_json":{"title":"Pierwsze autonomiczne ci\u0119\u017car\u00f3wki wyjecha\u0142y ju\u017c na drog\u0119 - Vrio","description":"Jeszcze nie tak dawno wydawa\u0142o si\u0119, \u017ce ci\u0119\u017car\u00f3wki zdalnie sterowane to tak daleka przysz\u0142o\u015b\u0107. Tymczasem mo\u017cna powiedzie\u0107, \u017ce przysz\u0142o\u015b\u0107 ju\u017c nadesz\u0142a. Jakie zmiany nas czekaj\u0105? Na ile zmieni si\u0119 praca w transporcie drogowym w wyniku automatyzacji?","robots":{"index":"index","follow":"follow","max-snippet":"max-snippet:-1","max-image-preview":"max-image-preview:large","max-video-preview":"max-video-preview:-1"},"canonical":"https:\/\/vrioeurope.com\/pl\/pierwsze-autonomiczne-ciezarowki-wyjechaly-juz-na-droge\/","og_locale":"pl_PL","og_type":"article","og_title":"Pierwsze autonomiczne ci\u0119\u017car\u00f3wki wyjecha\u0142y ju\u017c na drog\u0119 - Vrio","og_description":"Jeszcze nie tak dawno wydawa\u0142o si\u0119, \u017ce ci\u0119\u017car\u00f3wki zdalnie sterowane to tak daleka przysz\u0142o\u015b\u0107. Tymczasem mo\u017cna powiedzie\u0107, \u017ce przysz\u0142o\u015b\u0107 ju\u017c nadesz\u0142a. Jakie zmiany nas czekaj\u0105? Na ile zmieni si\u0119 praca w transporcie drogowym w wyniku automatyzacji?","og_url":"https:\/\/vrioeurope.com\/pl\/pierwsze-autonomiczne-ciezarowki-wyjechaly-juz-na-droge\/","og_site_name":"Vrio","article_published_time":"2020-11-10T15:48:46+00:00","article_modified_time":"2023-05-05T11:47:09+00:00","og_image":[{"width":1081,"height":611,"url":"https:\/\/vrioeurope.com\/wp-content\/uploads\/2020\/11\/vehiculo-autonomo.png","type":"image\/png"}],"author":"Sonia Ratia","twitter_card":"summary_large_image","twitter_misc":{"Napisane przez":"Sonia Ratia","Szacowany czas czytania":"7 minut"},"schema":{"@context":"https:\/\/schema.org","@graph":[{"@type":"Article","@id":"https:\/\/vrioeurope.com\/pl\/pierwsze-autonomiczne-ciezarowki-wyjechaly-juz-na-droge\/#article","isPartOf":{"@id":"https:\/\/vrioeurope.com\/pl\/pierwsze-autonomiczne-ciezarowki-wyjechaly-juz-na-droge\/"},"author":{"name":"Sonia Ratia","@id":"https:\/\/vrioeurope.com\/pl\/#\/schema\/person\/af0fc8c66d6bbd121446280af5896b8e"},"headline":"Pierwsze autonomiczne ci\u0119\u017car\u00f3wki wyjecha\u0142y ju\u017c na drog\u0119","datePublished":"2020-11-10T15:48:46+00:00","dateModified":"2023-05-05T11:47:09+00:00","mainEntityOfPage":{"@id":"https:\/\/vrioeurope.com\/pl\/pierwsze-autonomiczne-ciezarowki-wyjechaly-juz-na-droge\/"},"wordCount":2458,"commentCount":0,"image":{"@id":"https:\/\/vrioeurope.com\/pl\/pierwsze-autonomiczne-ciezarowki-wyjechaly-juz-na-droge\/#primaryimage"},"thumbnailUrl":"https:\/\/vrioeurope.com\/wp-content\/uploads\/2020\/11\/vehiculo-autonomo.png","articleSection":["Og\u00f3lne"],"inLanguage":"pl-PL","potentialAction":[{"@type":"CommentAction","name":"Comment","target":["https:\/\/vrioeurope.com\/pl\/pierwsze-autonomiczne-ciezarowki-wyjechaly-juz-na-droge\/#respond"]}]},{"@type":"WebPage","@id":"https:\/\/vrioeurope.com\/pl\/pierwsze-autonomiczne-ciezarowki-wyjechaly-juz-na-droge\/","url":"https:\/\/vrioeurope.com\/pl\/pierwsze-autonomiczne-ciezarowki-wyjechaly-juz-na-droge\/","name":"Pierwsze autonomiczne ci\u0119\u017car\u00f3wki wyjecha\u0142y ju\u017c na drog\u0119 - Vrio","isPartOf":{"@id":"https:\/\/vrioeurope.com\/pl\/#website"},"primaryImageOfPage":{"@id":"https:\/\/vrioeurope.com\/pl\/pierwsze-autonomiczne-ciezarowki-wyjechaly-juz-na-droge\/#primaryimage"},"image":{"@id":"https:\/\/vrioeurope.com\/pl\/pierwsze-autonomiczne-ciezarowki-wyjechaly-juz-na-droge\/#primaryimage"},"thumbnailUrl":"https:\/\/vrioeurope.com\/wp-content\/uploads\/2020\/11\/vehiculo-autonomo.png","datePublished":"2020-11-10T15:48:46+00:00","dateModified":"2023-05-05T11:47:09+00:00","author":{"@id":"https:\/\/vrioeurope.com\/pl\/#\/schema\/person\/af0fc8c66d6bbd121446280af5896b8e"},"description":"Jeszcze nie tak dawno wydawa\u0142o si\u0119, \u017ce ci\u0119\u017car\u00f3wki zdalnie sterowane to tak daleka przysz\u0142o\u015b\u0107. Tymczasem mo\u017cna powiedzie\u0107, \u017ce przysz\u0142o\u015b\u0107 ju\u017c nadesz\u0142a. Jakie zmiany nas czekaj\u0105? Na ile zmieni si\u0119 praca w transporcie drogowym w wyniku automatyzacji?","breadcrumb":{"@id":"https:\/\/vrioeurope.com\/pl\/pierwsze-autonomiczne-ciezarowki-wyjechaly-juz-na-droge\/#breadcrumb"},"inLanguage":"pl-PL","potentialAction":[{"@type":"ReadAction","target":["https:\/\/vrioeurope.com\/pl\/pierwsze-autonomiczne-ciezarowki-wyjechaly-juz-na-droge\/"]}]},{"@type":"ImageObject","inLanguage":"pl-PL","@id":"https:\/\/vrioeurope.com\/pl\/pierwsze-autonomiczne-ciezarowki-wyjechaly-juz-na-droge\/#primaryimage","url":"https:\/\/vrioeurope.com\/wp-content\/uploads\/2020\/11\/vehiculo-autonomo.png","contentUrl":"https:\/\/vrioeurope.com\/wp-content\/uploads\/2020\/11\/vehiculo-autonomo.png","width":1081,"height":611},{"@type":"BreadcrumbList","@id":"https:\/\/vrioeurope.com\/pl\/pierwsze-autonomiczne-ciezarowki-wyjechaly-juz-na-droge\/#breadcrumb","itemListElement":[{"@type":"ListItem","position":1,"name":"Portada","item":"https:\/\/vrioeurope.com\/pl\/"},{"@type":"ListItem","position":2,"name":"Pierwsze autonomiczne ci\u0119\u017car\u00f3wki wyjecha\u0142y ju\u017c na drog\u0119"}]},{"@type":"WebSite","@id":"https:\/\/vrioeurope.com\/pl\/#website","url":"https:\/\/vrioeurope.com\/pl\/","name":"Vrio","description":"Tu partner de movilidad","potentialAction":[{"@type":"SearchAction","target":{"@type":"EntryPoint","urlTemplate":"https:\/\/vrioeurope.com\/pl\/?s={search_term_string}"},"query-input":{"@type":"PropertyValueSpecification","valueRequired":true,"valueName":"search_term_string"}}],"inLanguage":"pl-PL"},{"@type":"Person","@id":"https:\/\/vrioeurope.com\/pl\/#\/schema\/person\/af0fc8c66d6bbd121446280af5896b8e","name":"Sonia Ratia","image":{"@type":"ImageObject","inLanguage":"pl-PL","@id":"https:\/\/secure.gravatar.com\/avatar\/3b232ac3076dd27a764e70449b4e768716b6bd9ab271145823e59b3fae75c141?s=96&d=mm&r=g","url":"https:\/\/secure.gravatar.com\/avatar\/3b232ac3076dd27a764e70449b4e768716b6bd9ab271145823e59b3fae75c141?s=96&d=mm&r=g","contentUrl":"https:\/\/secure.gravatar.com\/avatar\/3b232ac3076dd27a764e70449b4e768716b6bd9ab271145823e59b3fae75c141?s=96&d=mm&r=g","caption":"Sonia Ratia"},"url":"https:\/\/vrioeurope.com\/pl\/author\/sonia-ratia\/"}]}},"_links":{"self":[{"href":"https:\/\/vrioeurope.com\/pl\/wp-json\/wp\/v2\/posts\/5789","targetHints":{"allow":["GET"]}}],"collection":[{"href":"https:\/\/vrioeurope.com\/pl\/wp-json\/wp\/v2\/posts"}],"about":[{"href":"https:\/\/vrioeurope.com\/pl\/wp-json\/wp\/v2\/types\/post"}],"author":[{"embeddable":true,"href":"https:\/\/vrioeurope.com\/pl\/wp-json\/wp\/v2\/users\/6"}],"replies":[{"embeddable":true,"href":"https:\/\/vrioeurope.com\/pl\/wp-json\/wp\/v2\/comments?post=5789"}],"version-history":[{"count":4,"href":"https:\/\/vrioeurope.com\/pl\/wp-json\/wp\/v2\/posts\/5789\/revisions"}],"predecessor-version":[{"id":25612,"href":"https:\/\/vrioeurope.com\/pl\/wp-json\/wp\/v2\/posts\/5789\/revisions\/25612"}],"wp:featuredmedia":[{"embeddable":true,"href":"https:\/\/vrioeurope.com\/pl\/wp-json\/wp\/v2\/media\/5790"}],"wp:attachment":[{"href":"https:\/\/vrioeurope.com\/pl\/wp-json\/wp\/v2\/media?parent=5789"}],"wp:term":[{"taxonomy":"category","embeddable":true,"href":"https:\/\/vrioeurope.com\/pl\/wp-json\/wp\/v2\/categories?post=5789"},{"taxonomy":"post_tag","embeddable":true,"href":"https:\/\/vrioeurope.com\/pl\/wp-json\/wp\/v2\/tags?post=5789"}],"curies":[{"name":"wp","href":"https:\/\/api.w.org\/{rel}","templated":true}]}}